{"id":3580,"date":"2024-02-20T10:32:29","date_gmt":"2024-02-20T09:32:29","guid":{"rendered":"https:\/\/www.cimgroupe.com\/?p=3580"},"modified":"2024-06-27T11:35:17","modified_gmt":"2024-06-27T09:35:17","slug":"cim-apporte-son-expertise-sur-lextension-de-la-ligne-1-du-metro-au-panama","status":"publish","type":"post","link":"https:\/\/www.cimgroupe.com\/es\/2024\/02\/20\/cim-apporte-son-expertise-sur-lextension-de-la-ligne-1-du-metro-au-panama\/","title":{"rendered":"CIM aporta su experiencia para la ampliaci\u00f3n de la l\u00ednea 1 del metro de Panam\u00e1"},"content":{"rendered":"\r\n<div class=\"cim-header\" style=\"background-image:url(https:\/\/www.cimgroupe.com\/wp-content\/uploads\/2019\/12\/header-news-1.jpg);\">\r\n\t\t<div class=\"bottom-shape\"><\/div>\r\n\t<div class=\"container\">\r\n\t\t\t\t\t<div class=\"breadcrumb\">\r\n\t\t\t\t<ul>\r\n\t\t\t\t\t\t\t\t\t\t\t\t<li><a href=\"https:\/\/www.cimgroupe.com\/es\/\">Home<\/a><\/li>\r\n\t\t\t\t\t\t\t\t\t\t\t\t\t\t<li><span>CIM aporta su experiencia para la ampliaci\u00f3n de la l\u00ednea 1 del metro de Panam\u00e1<\/span><\/li>\r\n\t\t\t\t\t\t\t\t\t\t\t<\/ul>\r\n\t\t\t<\/div>\r\n\t\t\t\t\t\r\n\t\t<div class=\"row\">\r\n\t\t\t<div class=\"col-12 col-lg-9\">\r\n\t\t\t\t<h1><strong>CIM aporta su experiencia para la ampliaci\u00f3n de la l\u00ednea 1 del metro de Panam\u00e1<\/strong><\/h1>\r\n\t\t\t<\/div>\r\n\t\t<\/div>\r\n\t<\/div>\r\n<\/div>\n\n\n<div class=\"wp-block-group\"><div class=\"wp-block-group__inner-container is-layout-constrained wp-block-group-is-layout-constrained\">\n<div class=\"wp-block-columns is-layout-flex wp-container-core-columns-is-layout-9d6595d7 wp-block-columns-is-layout-flex\">\n<div class=\"wp-block-column is-layout-flow wp-block-column-is-layout-flow\" style=\"flex-basis:50%\"><div class=\"cim-columns\">\r\n\t<div class=\"container\">\r\n\t\t\t\t\r\n\t\t\r\n\t\t<div class=\"row\">\r\n\t\t\t\t\t\t\t<div class=\"col-12 col-lg-6\">\r\n\t\t\t\t\t<div class=\"element\">\r\n\t\t\t\t\t\t<img decoding=\"async\" src=\"https:\/\/www.cimgroupe.com\/wp-content\/uploads\/2024\/02\/Extension-ligne-1-Panama-1.png\" \/>\t\t\t\t\t\t\t\t\t\t\t\t\t\t\t\t\t\t\t\t\t\t\t<\/div>\r\n\t\t\t\t<\/div>\r\n\t\t\t\t\t\t\t\t<div class=\"col-12 col-lg-6\">\r\n\t\t\t\t\t<div class=\"element\">\r\n\t\t\t\t\t\t<img decoding=\"async\" src=\"https:\/\/www.cimgroupe.com\/wp-content\/uploads\/2024\/02\/Extension-ligne-1-Panama-2-e1708079297446.png\" \/>\t\t\t\t\t\t\t\t\t\t\t\t\t\t\t\t\t\t\t\t\t\t\t<\/div>\r\n\t\t\t\t<\/div>\r\n\t\t\t\t\t\t<\/div>\r\n\t<\/div>\r\n<\/div><\/div>\n\n\n\n<div class=\"wp-block-column is-layout-flow wp-block-column-is-layout-flow\" style=\"flex-basis:70%\"><div class=\"cim-columns\">\r\n\t<div class=\"container\">\r\n\t\t\t\t\r\n\t\t\r\n\t\t<div class=\"row\">\r\n\t\t\t\t\t\t\t<div class=\"col-12 col-lg-12\">\r\n\t\t\t\t\t<div class=\"element\">\r\n\t\t\t\t\t\t\t\t\t\t\t\t<h3><strong>Pruebas antes de salir a la carretera<\/strong><\/h3>\t\t\t\t\t\t<div class=\"element-text\"><p><mark style=\"background-color:rgba(0, 0, 0, 0)\" class=\"has-inline-color has-black-color\">El domingo 21 de enero de 2024 tuvieron lugar las primeras pruebas de circulaci\u00f3n de trenes sin pasajeros en la ampliaci\u00f3n de la l\u00ednea 1 del metro de Panam\u00e1. TCP Rail, filial de CIM y TSO, pudo aportar su experiencia en el dise\u00f1o, suministro e instalaci\u00f3n de la v\u00eda y la catenaria.<\/mark><\/p><p><mark style=\"background-color:rgba(0, 0, 0, 0)\" class=\"has-inline-color has-black-color\">Establecida en Panam\u00e1 desde 2010, TCP Rail particip\u00f3 en la construcci\u00f3n de esta l\u00ednea de metro y se encarga de su mantenimiento desde su inauguraci\u00f3n en 2014. La l\u00ednea une el sur y el norte de la ciudad de Panam\u00e1 a lo largo de unos 16 kil\u00f3metros, desde la estaci\u00f3n nacional de autobuses de Albrook hasta la estaci\u00f3n de San Isidro, transportando a m\u00e1s de 240.000 pasajeros cada d\u00eda. Con esta ampliaci\u00f3n, la l\u00ednea recorrer\u00e1 m\u00e1s de 18 kil\u00f3metros hacia el norte de la ciudad, desde la estaci\u00f3n de San Isidro hasta la estaci\u00f3n de Villa Zaita.<\/mark><\/p><p><mark style=\"background-color:rgba(0, 0, 0, 0)\" class=\"has-inline-color has-black-color\">Las pruebas marcaron el final de la fase de instalaci\u00f3n de los equipos en la v\u00eda y permitieron realizar comprobaciones exhaustivas de las condiciones de seguridad y las funcionalidades del sistema ferroviario. Las pruebas concluyeron con \u00e9xito y el tren se inaugur\u00f3 el jueves 25 de abril.<\/mark><\/p><\/div>\t\t\t\t\t\t\t\t\t\t\t\t\t<a href=\"https:\/\/www.cimgroupe.com\/case-study\/ligne-1-du-metro-de-panama\/\" class=\"cta\">ESTUDIO DE CASO &#8211; L\u00ednea 1 del metro de Panam\u00e1<\/a>\r\n\t\t\t\t\t\t\t\t\t\t\t\t<\/div>\r\n\t\t\t\t<\/div>\r\n\t\t\t\t\t\t<\/div>\r\n\t<\/div>\r\n<\/div><\/div>\n<\/div>\n<\/div><\/div>\n\n\n<div class=\"next-and-previous\">\r\n    <div class='n_and_p-title'>\r\n         \r\n    <\/div>\r\n    <div class=\"arrows\">\r\n            <a class=\"slick-prev slick-arrow slick-prev\" href=\"https:\/\/www.cimgroupe.com\/es\/2019\/05\/13\/inauguracion-de-la-linea-2-del-metro-de-panama-un-proyecto-emblematico-para-la-cim\/\">Previous<\/a>\r\n            <a class=\"slick-next slick-arrow slick-next\" href=\"https:\/\/www.cimgroupe.com\/es\/2018\/08\/24\/inauguracion-y-puesta-en-servicio-de-la-extension-de-la-linea-2-del-metro-de-santo-domingo\/\">Next<\/a>\r\n    <\/div>\r\n<\/div>\r\n<div class=\"cim-case-studies-small\">\r\n    <div class=\"container\">\r\n        <div class=\"bloc-2\">\r\n            <div class=\"case-studies-list\">\r\n                <div class=\"row\">\r\n                    \r\n                    <a style=\"text-decoration: none;\"class=\"view-more\" href=\"https:\/\/www.cimgroupe.com\/es\/2019\/05\/13\/inauguracion-de-la-linea-2-del-metro-de-panama-un-proyecto-emblematico-para-la-cim\/\">\r\n                        <div class=\"col-12 col-lg-6\">\r\n                            \r\n                            <div class=\"case-study h-100\" style=\"background-image: url(https:\/\/www.cimgroupe.com\/wp-content\/uploads\/2021\/03\/art.jpg)\">\r\n                                <h3 >Inauguraci\u00f3n de la L\u00ednea 2 del Metro de Panam\u00e1: un proyecto emblem\u00e1tico para la CIM<\/h3>\r\n                                <div class=\"excerpt\"><\/div>\r\n                                <a class=\"view-more\" href=\"https:\/\/www.cimgroupe.com\/es\/2019\/05\/13\/inauguracion-de-la-linea-2-del-metro-de-panama-un-proyecto-emblematico-para-la-cim\/\">Lire la suite<\/a>\r\n                            <\/div>\r\n                        <\/div>\r\n                    <\/a>\r\n                    <a style=\"text-decoration: none;\"class=\"view-more\" href=\"https:\/\/www.cimgroupe.com\/es\/2018\/08\/24\/inauguracion-y-puesta-en-servicio-de-la-extension-de-la-linea-2-del-metro-de-santo-domingo\/\">\r\n                        <div class=\"col-12 col-lg-6\">\r\n                            \r\n                            <div class=\"case-study h-100\" style=\"background-image: url(https:\/\/www.cimgroupe.com\/wp-content\/uploads\/2020\/10\/Santo-Domingo-L2.jpg)\">\r\n                                <h3 >Inauguraci\u00f3n y puesta en servicio de la extensi\u00f3n de la L\u00ednea 2 del Metro de Santo Domingo<\/h3>\r\n                                <div class=\"excerpt\"><\/div>\r\n                                <a class=\"view-more\" href=\"https:\/\/www.cimgroupe.com\/es\/2018\/08\/24\/inauguracion-y-puesta-en-servicio-de-la-extension-de-la-linea-2-del-metro-de-santo-domingo\/\">Lire la suite<\/a>\r\n                            <\/div>\r\n                        <\/div>\r\n                    <\/a>\r\n                <\/div>\r\n            <\/div>\r\n        <\/div>  \r\n    <\/div>\r\n<\/div>\r\n","protected":false},"excerpt":{"rendered":"","protected":false},"author":18,"featured_media":3550,"comment_status":"closed","ping_status":"closed","sticky":false,"template":"","format":"standard","meta":{"_acf_changed":false,"footnotes":""},"categories":[6],"tags":[],"class_list":["post-3580","post","type-post","status-publish","format-standard","has-post-thumbnail","hentry","category-sin-categorizar"],"acf":[],"_links":{"self":[{"href":"https:\/\/www.cimgroupe.com\/es\/wp-json\/wp\/v2\/posts\/3580","targetHints":{"allow":["GET"]}}],"collection":[{"href":"https:\/\/www.cimgroupe.com\/es\/wp-json\/wp\/v2\/posts"}],"about":[{"href":"https:\/\/www.cimgroupe.com\/es\/wp-json\/wp\/v2\/types\/post"}],"author":[{"embeddable":true,"href":"https:\/\/www.cimgroupe.com\/es\/wp-json\/wp\/v2\/users\/18"}],"replies":[{"embeddable":true,"href":"https:\/\/www.cimgroupe.com\/es\/wp-json\/wp\/v2\/comments?post=3580"}],"version-history":[{"count":12,"href":"https:\/\/www.cimgroupe.com\/es\/wp-json\/wp\/v2\/posts\/3580\/revisions"}],"predecessor-version":[{"id":3906,"href":"https:\/\/www.cimgroupe.com\/es\/wp-json\/wp\/v2\/posts\/3580\/revisions\/3906"}],"wp:featuredmedia":[{"embeddable":true,"href":"https:\/\/www.cimgroupe.com\/es\/wp-json\/wp\/v2\/media\/3550"}],"wp:attachment":[{"href":"https:\/\/www.cimgroupe.com\/es\/wp-json\/wp\/v2\/media?parent=3580"}],"wp:term":[{"taxonomy":"category","embeddable":true,"href":"https:\/\/www.cimgroupe.com\/es\/wp-json\/wp\/v2\/categories?post=3580"},{"taxonomy":"post_tag","embeddable":true,"href":"https:\/\/www.cimgroupe.com\/es\/wp-json\/wp\/v2\/tags?post=3580"}],"curies":[{"name":"wp","href":"https:\/\/api.w.org\/{rel}","templated":true}]}}